{"id":947,"date":"2021-05-24T14:26:07","date_gmt":"2021-05-24T14:26:07","guid":{"rendered":"https:\/\/www.apti.cz\/?p=947"},"modified":"2021-07-04T12:35:32","modified_gmt":"2021-07-04T12:35:32","slug":"odborny-program-konference-provozni-bezpecnost-vyhrazenych-technickych-zarizeni-v-souvislostech","status":"publish","type":"post","link":"https:\/\/www.apti.cz\/index.php\/2021\/05\/24\/odborny-program-konference-provozni-bezpecnost-vyhrazenych-technickych-zarizeni-v-souvislostech\/","title":{"rendered":"Odborn\u00fd program konference Provozn\u00ed bezpe\u010dnost vyhrazen\u00fdch technick\u00fdch za\u0159\u00edzen\u00ed v souvislostech"},"content":{"rendered":"\n<p>Oblast vyhrazen\u00fdch technick\u00fdch za\u0159\u00edzen\u00ed zas\u00e1hnou v p\u0159\u00ed\u0161t\u00edm roce v\u00fdznamn\u00e9 zm\u011bny, nebo\u0165 do platnosti vstoup\u00ed po bezm\u00e1la \u010dty\u0159iceti letech nov\u00e1 legislativa a na n\u00ed nav\u00e1zan\u00e9 prov\u00e1d\u011bc\u00ed p\u0159edpisy a technick\u00e9 normy. Nem\u00e9n\u011b podstatn\u00e9 budou nov\u00e9 v\u00fdzvy spojen\u00e9 s p\u0159echodem \u010cesk\u00e9 republiky na n\u00edzkouhl\u00edkovou energetiku. Na tuto skute\u010dnost reaguje konference Provozn\u00ed bezpe\u010dnost vyhrazen\u00fdch technick\u00fdch za\u0159\u00edzen\u00ed v souvislostech, kter\u00e1 se uskute\u010dn\u00ed v historick\u00e9m m\u011bst\u011b Kutn\u00e1 Hora v polovin\u011b z\u00e1\u0159\u00ed.<\/p>\n\n\n\n<p>V r\u00e1mci odborn\u00e9ho programu konference bude pozornost v\u011bnov\u00e1na nejen nov\u00e9mu z\u00e1konu, kter\u00fd je v sou\u010dasnosti projedn\u00e1v\u00e1n v sen\u00e1tu, ale tak\u00e9 p\u0159\u00edprava prov\u00e1d\u011bc\u00edch p\u0159edpis\u016f, kdy budou letit\u00e9 vyhl\u00e1\u0161ky \u010c\u00daBP nahrazeny nov\u00fdmi na\u0159\u00edzen\u00edmi vl\u00e1dy. <\/p>\n\n\n\n<p>\u00da\u010dast v odborn\u00e9m programu p\u0159isl\u00edbili p\u0159edn\u00ed odborn\u00edci z \u0159ad v\u011bdeck\u00fdch instituc\u00ed, org\u00e1n\u016f st\u00e1tn\u00edho odborn\u00e9ho dozoru, technick\u00e9 inspekce, soudn\u00ed znalci a \u010dlenov\u00e9 v\u011bdeck\u00e9 rady APTI.<\/p>\n\n\n\n<p><strong><a href=\"https:\/\/www.technicka-zarizeni.cz\/kutna-hora-2021\/odborny-program-konference-kh21\/\">Aktu\u00e1ln\u00ed odborn\u00fd program konference je k dispozici zde.<\/a><\/strong><\/p>\n\n\n\n<p>Nabit\u00fd odborn\u00fd program dopln\u00ed tak\u00e9 tradi\u010dn\u00ed moderovan\u00e1 diskuze na z\u00e1v\u011br prvn\u00edho dne, st\u0159edov\u011bk\u00e1 hostina a vystoupen\u00ed skupiny historick\u00e9ho \u0161ermu. Pro z\u00e1jemce bude tak\u00e9 p\u0159ipravena v p\u0159edve\u010der konference prohl\u00eddka historick\u00e9ho centra Kutn\u00e9 Hory s pr\u016fvodcem.<\/p>\n\n\n\n<p>Do konce m\u011bs\u00edce \u010dervna je p\u0159ipravena nab\u00eddka pro v\u010dasn\u011b p\u0159ihl\u00e1\u0161en\u00e9 \u00fa\u010dastn\u00edky ve form\u011b slevy na \u00fa\u010dastnick\u00e9m poplatku.<\/p>\n","protected":false},"excerpt":{"rendered":"<p>Oblast vyhrazen\u00fdch technick\u00fdch za\u0159\u00edzen\u00ed zas\u00e1hnou v p\u0159\u00ed\u0161t\u00edm roce v\u00fdznamn\u00e9 zm\u011bny, nebo\u0165 do platnosti vstoup\u00ed po bezm\u00e1la \u010dty\u0159iceti letech nov\u00e1 legislativa a na n\u00ed nav\u00e1zan\u00e9 prov\u00e1d\u011bc\u00ed p\u0159edpisy a technick\u00e9 normy. Nem\u00e9n\u011b&#8230;<\/p>\n","protected":false},"author":1,"featured_media":948,"comment_status":"closed","ping_status":"closed","sticky":false,"template":"","format":"standard","meta":{"_jetpack_memberships_contains_paid_content":false,"footnotes":""},"categories":[1],"tags":[],"class_list":["post-947","post","type-post","status-publish","format-standard","has-post-thumbnail","hentry","category-uncategorized"],"jetpack_featured_media_url":"https:\/\/www.apti.cz\/wp-content\/uploads\/2021\/05\/CSRT_21_TZ_HEADER_840-480.png","jetpack_sharing_enabled":true,"_links":{"self":[{"href":"https:\/\/www.apti.cz\/index.php\/wp-json\/wp\/v2\/posts\/947","targetHints":{"allow":["GET"]}}],"collection":[{"href":"https:\/\/www.apti.cz\/index.php\/wp-json\/wp\/v2\/posts"}],"about":[{"href":"https:\/\/www.apti.cz\/index.php\/wp-json\/wp\/v2\/types\/post"}],"author":[{"embeddable":true,"href":"https:\/\/www.apti.cz\/index.php\/wp-json\/wp\/v2\/users\/1"}],"replies":[{"embeddable":true,"href":"https:\/\/www.apti.cz\/index.php\/wp-json\/wp\/v2\/comments?post=947"}],"version-history":[{"count":1,"href":"https:\/\/www.apti.cz\/index.php\/wp-json\/wp\/v2\/posts\/947\/revisions"}],"predecessor-version":[{"id":949,"href":"https:\/\/www.apti.cz\/index.php\/wp-json\/wp\/v2\/posts\/947\/revisions\/949"}],"wp:featuredmedia":[{"embeddable":true,"href":"https:\/\/www.apti.cz\/index.php\/wp-json\/wp\/v2\/media\/948"}],"wp:attachment":[{"href":"https:\/\/www.apti.cz\/index.php\/wp-json\/wp\/v2\/media?parent=947"}],"wp:term":[{"taxonomy":"category","embeddable":true,"href":"https:\/\/www.apti.cz\/index.php\/wp-json\/wp\/v2\/categories?post=947"},{"taxonomy":"post_tag","embeddable":true,"href":"https:\/\/www.apti.cz\/index.php\/wp-json\/wp\/v2\/tags?post=947"}],"curies":[{"name":"wp","href":"https:\/\/api.w.org\/{rel}","templated":true}]}}