{"id":590,"date":"2020-05-18T16:49:49","date_gmt":"2020-05-18T16:49:49","guid":{"rendered":"http:\/\/www.apti.cz\/?p=590"},"modified":"2020-05-18T16:49:50","modified_gmt":"2020-05-18T16:49:50","slug":"mimoradne-opatreni-ministerstva-zdravotnictvi-ve-veci-pracovnelekarskych-prohlidek-po-ukonceni-nouzoveho-stavu","status":"publish","type":"post","link":"https:\/\/www.apti.cz\/index.php\/2020\/05\/18\/mimoradne-opatreni-ministerstva-zdravotnictvi-ve-veci-pracovnelekarskych-prohlidek-po-ukonceni-nouzoveho-stavu\/","title":{"rendered":"Mimo\u0159\u00e1dn\u00e9 opat\u0159en\u00ed Ministerstva zdravotnictv\u00ed ve v\u011bci pracovn\u011bl\u00e9ka\u0159sk\u00fdch prohl\u00eddek po ukon\u010den\u00ed nouzov\u00e9ho stavu"},"content":{"rendered":"\n<p><strong>Ukon\u010den\u00edm nouzov\u00e9ho stavu se platnost \u010destn\u00e9ho prohl\u00e1\u0161en\u00ed nahrazuj\u00edc\u00edho posouzen\u00ed zdravotn\u00ed zp\u016fsobilosti osoby uch\u00e1zej\u00edc\u00ed se o&nbsp;zam\u011bstn\u00e1n\u00ed a&nbsp;platnost l\u00e9ka\u0159sk\u00fdch posudk\u016f o&nbsp;zdravotn\u00ed zp\u016fsobilosti k&nbsp;pr\u00e1ci vyd\u00e1van\u00fdch na z\u00e1klad\u011b vstupn\u00edch l\u00e9ka\u0159sk\u00fdch prohl\u00eddek, l\u00e9ka\u0159sk\u00fdch periodick\u00fdch prohl\u00eddek nebo na z\u00e1klad\u011b mimo\u0159\u00e1dn\u00e9 l\u00e9ka\u0159sk\u00e9 prohl\u00eddky,&nbsp;jejich\u017e platnost skon\u010dila v&nbsp;dob\u011b vyhl\u00e1\u0161en\u00e9ho nouzov\u00e9ho stavu, prodlu\u017euje o max. 90 dn\u016f  u&nbsp;prac\u00ed za\u0159azen\u00fdch do&nbsp;kategori\u00ed prvn\u00ed a&nbsp;druh\u00e9&nbsp;podle z\u00e1kona \u010d.&nbsp;258\/2000 Sb., nebo o max. 30 dn\u016f u&nbsp;prac\u00ed za\u0159azen\u00fdch do kategorie pr\u00e1ce&nbsp;druh\u00e9 rizikov\u00e9, t\u0159et\u00ed a&nbsp;\u010dtvrt\u00e9. <\/strong><\/p>\n\n\n\n<p>Ministerstvo zdravotnictv\u00ed jako spr\u00e1vn\u00ed \u00fa\u0159ad p\u0159\u00edslu\u0161n\u00fd podle \u00a7 80 odst. 1 p\u00edsm. g) z\u00e1kona \u010d.&nbsp;258\/2000 Sb., o&nbsp;ochran\u011b ve\u0159ejn\u00e9ho zdrav\u00ed a&nbsp;o&nbsp;zm\u011bn\u011b n\u011bkter\u00fdch souvisej\u00edc\u00edch z\u00e1kon\u016f, ve zn\u011bn\u00ed pozd\u011bj\u0161\u00edch p\u0159edpis\u016f (d\u00e1le jen \u201ez\u00e1kon \u010d.&nbsp;258\/2000 Sb.\u201c), na\u0159izuje postupem podle \u00a7 69 odst. 1 p\u00edsm. i) a&nbsp;2 z\u00e1kona \u010d.&nbsp;258\/2000 Sb. k&nbsp;ochran\u011b za \u00fa\u010delem likvidace nebezpe\u010d\u00ed vzniku onemocn\u011bn\u00ed COVID-19 zp\u016fsoben\u00e9 nov\u00fdm koronavirem SARS-CoV-2 toto&nbsp;mimo\u0159\u00e1dn\u00e9 opat\u0159en\u00ed:<\/p>\n\n\n\n<p class=\"has-text-align-center\">I.<\/p>\n\n\n\n<p>Po ukon\u010den\u00ed nouzov\u00e9ho stavu vyhl\u00e1\u0161en\u00e9ho usnesen\u00edm vl\u00e1dy \u010d.&nbsp;194 ze dne 12. b\u0159ezna 2020 se&nbsp;<strong>platnost \u010destn\u00e9ho prohl\u00e1\u0161en\u00ed<\/strong>&nbsp;vydan\u00e9ho na z\u00e1klad\u011b usnesen\u00ed vl\u00e1dy \u010cesk\u00e9 republiky ze dne 15. b\u0159ezna 2020 \u010d.&nbsp;214 a&nbsp;na z\u00e1klad\u011b usnesen\u00ed vl\u00e1dy \u010cesk\u00e9 republiky ze dne 23. b\u0159ezna 2020 \u010d.&nbsp;280&nbsp;<strong>nahrazuj\u00edc\u00edho posouzen\u00ed zdravotn\u00ed zp\u016fsobilosti osoby uch\u00e1zej\u00edc\u00ed se o&nbsp;zam\u011bstn\u00e1n\u00ed<\/strong>&nbsp;podle z\u00e1kona \u010d.&nbsp;373\/2011 Sb., o&nbsp;specifick\u00fdch zdravotn\u00edch slu\u017eb\u00e1ch, ve zn\u011bn\u00ed pozd\u011bj\u0161\u00edch p\u0159edpis\u016f,<\/p>\n\n\n\n<p>a)&nbsp;<strong>prodlu\u017euje<\/strong>&nbsp;u&nbsp;zam\u011bstnanc\u016f, jejich\u017e pracovn\u011bpr\u00e1vn\u00ed vztah vznikl ode dne vyhl\u00e1\u0161en\u00ed nouzov\u00e9ho stavu,&nbsp;<strong>maxim\u00e1ln\u011b o&nbsp;90 dn\u016f ode dne n\u00e1sleduj\u00edc\u00edho po ukon\u010den\u00ed nouzov\u00e9ho stavu<\/strong>, a&nbsp;to u&nbsp;prac\u00ed za\u0159azen\u00fdch do&nbsp;<strong>kategori\u00ed prvn\u00ed a&nbsp;druh\u00e9<\/strong>&nbsp;podle z\u00e1kona \u010d.&nbsp;258\/2000 Sb., o&nbsp;ochran\u011b ve\u0159ejn\u00e9ho zdrav\u00ed a&nbsp;o&nbsp;zm\u011bn\u011b n\u011bkter\u00fdch souvisej\u00edc\u00edch z\u00e1kon\u016f, ve zn\u011bn\u00ed pozd\u011bj\u0161\u00edch p\u0159edpis\u016f,<\/p>\n\n\n\n<p>b) prodlu\u017euje u&nbsp;zam\u011bstnanc\u016f, jejich\u017e pracovn\u011bpr\u00e1vn\u00ed vztah vznikl ode dne vyhl\u00e1\u0161en\u00ed nouzov\u00e9ho stavu,&nbsp;<strong>maxim\u00e1ln\u011b o&nbsp;30 dn\u016f ode dne n\u00e1sleduj\u00edc\u00edho po ukon\u010den\u00ed nouzov\u00e9ho stavu<\/strong>, a&nbsp;to<\/p>\n\n\n\n<p>i. u&nbsp;prac\u00ed za\u0159azen\u00fdch do kategorie pr\u00e1ce&nbsp;<strong>druh\u00e9 rizikov\u00e9, t\u0159et\u00ed a&nbsp;\u010dtvrt\u00e9<\/strong>&nbsp;podle z\u00e1kona \u010d.&nbsp;258\/2000 Sb.,<br>ii. u&nbsp;prac\u00ed s&nbsp;rizikem ohro\u017een\u00ed zdrav\u00ed podle vyhl\u00e1\u0161ky \u010d.&nbsp;79\/2013 Sb., o&nbsp;pracovn\u011bl\u00e9ka\u0159sk\u00fdch slu\u017eb\u00e1ch a&nbsp;n\u011bkter\u00fdch druz\u00edch posudkov\u00e9 p\u00e9\u010de, ve zn\u011bn\u00ed pozd\u011bj\u0161\u00edch p\u0159edpis\u016f, s&nbsp;v\u00fdjimkou rizik ohro\u017een\u00ed zdrav\u00ed uveden\u00fdch v&nbsp;p\u0159\u00edloze \u010d.&nbsp;2 \u010d\u00e1sti II bodu 1 a&nbsp;5 vyhl\u00e1\u0161ky \u010d.&nbsp;79\/2013 Sb., nebo<br>iii. u&nbsp;prac\u00ed konan\u00fdch podle jin\u00fdch pr\u00e1vn\u00edch p\u0159edpis\u016f.&nbsp;<\/p>\n\n\n\n<p class=\"has-text-align-center\">II.<\/p>\n\n\n\n<p><strong>Pr\u00e1ce, kter\u00e9 nejsou kategorizov\u00e1ny<\/strong>&nbsp;z&nbsp;d\u016fvodu nezji\u0161t\u011bn\u00ed podm\u00ednek uveden\u00fdch v&nbsp;ustanoven\u00ed \u00a7 37 odst. 1 z\u00e1kona \u010d.&nbsp;258\/2000 Sb., se pro pot\u0159eby tohoto mimo\u0159\u00e1dn\u00e9ho opat\u0159en\u00ed pova\u017euj\u00ed za pr\u00e1ce uveden\u00e9 v&nbsp;bodu I. p\u00edsm. b) odr\u00e1\u017ece i. tohoto mimo\u0159\u00e1dn\u00e9ho opat\u0159en\u00ed.<\/p>\n\n\n\n<p class=\"has-text-align-center\">III.<\/p>\n\n\n\n<p>Ve lh\u016ft\u00e1ch podle bodu I. p\u00edsmene a) a&nbsp;b) poskytovatel pracovn\u011bl\u00e9ka\u0159sk\u00fdch slu\u017eeb podle z\u00e1kona \u010d.&nbsp;373\/2011 Sb., nebo registruj\u00edc\u00ed poskytovatel posuzovan\u00e9 osoby, je-li k&nbsp;tomu podle z\u00e1kona \u010d.&nbsp;373\/2011 Sb. nebo jin\u00e9ho pr\u00e1vn\u00edho p\u0159edpisu opr\u00e1vn\u011bn, provede na \u017e\u00e1dost zam\u011bstnavatele vstupn\u00ed l\u00e9ka\u0159skou prohl\u00eddku dot\u010den\u00e9 osoby a&nbsp;vyd\u00e1 l\u00e9ka\u0159sk\u00fd posudek o&nbsp;jej\u00ed<br>zdravotn\u00ed zp\u016fsobilosti k&nbsp;pr\u00e1ci.<\/p>\n\n\n\n<p class=\"has-text-align-center\">IV.<\/p>\n\n\n\n<p>Po ukon\u010den\u00ed nouzov\u00e9ho stavu vyhl\u00e1\u0161en\u00e9ho usnesen\u00edm vl\u00e1dy \u010d.&nbsp;194 ze dne 12. b\u0159ezna 2020 se:<\/p>\n\n\n\n<p>a)&nbsp;<strong>platnost l\u00e9ka\u0159sk\u00fdch posudk\u016f o&nbsp;zdravotn\u00ed zp\u016fsobilosti k&nbsp;pr\u00e1ci<\/strong>&nbsp;vyd\u00e1van\u00fdch na z\u00e1klad\u011b&nbsp;<strong>vstupn\u00edch l\u00e9ka\u0159sk\u00fdch prohl\u00eddek<\/strong>&nbsp;podle \u00a7 59 odst. 1 z\u00e1kona \u010d.&nbsp;373\/2011 Sb. a&nbsp;podle \u00a7 10 vyhl\u00e1\u0161ky \u010d.&nbsp;79\/2013 Sb. nebo podle jin\u00fdch pr\u00e1vn\u00edch p\u0159edpis\u016f, anebo&nbsp;<strong>l\u00e9ka\u0159sk\u00fdch periodick\u00fdch prohl\u00eddek<\/strong>&nbsp;podle \u00a7 11 vyhl\u00e1\u0161ky \u010d.&nbsp;79\/2013 Sb. nebo jin\u00fdch pr\u00e1vn\u00edch p\u0159edpis\u016f,&nbsp;<strong>jejich\u017e platnost skon\u010dila v&nbsp;dob\u011b vyhl\u00e1\u0161en\u00e9ho nouzov\u00e9ho stavu<\/strong>:<\/p>\n\n\n\n<p>i.&nbsp;<strong>prodlu\u017euje o&nbsp;90 dn\u016f<\/strong>&nbsp;ode dne n\u00e1sleduj\u00edc\u00edho po ukon\u010den\u00ed nouzov\u00e9ho stavu, pokud z\u00e1v\u011br l\u00e9ka\u0159sk\u00e9ho posudku uv\u00e1d\u00ed, \u017ee posuzovan\u00e1 osoba pro \u00fa\u010del, pro kter\u00fd byla posuzov\u00e1na,&nbsp;<strong>je zdravotn\u011b zp\u016fsobil\u00e1<\/strong>,<br>ii.&nbsp;<strong>prodlu\u017euje o&nbsp;30 dn\u016f<\/strong>&nbsp;ode dne n\u00e1sleduj\u00edc\u00edho od ukon\u010den\u00ed nouzov\u00e9ho stavu, pokud z\u00e1v\u011br l\u00e9ka\u0159sk\u00e9ho posudku uv\u00e1d\u00ed, \u017ee posuzovan\u00e1 osoba pro \u00fa\u010del, pro kter\u00fd byla posuzov\u00e1na,&nbsp;<strong>je zp\u016fsobil\u00e1 s&nbsp;podm\u00ednkou<\/strong>.<\/p>\n\n\n\n<p>b)&nbsp;<strong>platnost l\u00e9ka\u0159sk\u00fdch posudk\u016f o&nbsp;zdravotn\u00ed zp\u016fsobilosti k&nbsp;pr\u00e1ci<\/strong>&nbsp;vyd\u00e1van\u00fdch na z\u00e1klad\u011b&nbsp;<strong>mimo\u0159\u00e1dn\u00e9 l\u00e9ka\u0159sk\u00e9 prohl\u00eddky<\/strong>&nbsp;podle \u00a7 12 odst. 2 p\u00edsm. e) nebo p\u00edsm. f) bodu 3 vyhl\u00e1\u0161ky \u010d.&nbsp;79\/2013 Sb.,&nbsp;<strong>jejich\u017e platnost skon\u010dila v&nbsp;dob\u011b vyhl\u00e1\u0161en\u00e9ho nouzov\u00e9ho stavu<\/strong>:<\/p>\n\n\n\n<p>i.&nbsp;<strong>prodlu\u017euje o&nbsp;90 dn\u016f<\/strong>&nbsp;ode dne n\u00e1sleduj\u00edc\u00edho po ukon\u010den\u00ed nouzov\u00e9ho stavu, pokud z\u00e1v\u011br l\u00e9ka\u0159sk\u00e9ho posudku uv\u00e1d\u00ed, \u017ee posuzovan\u00e1 osoba pro \u00fa\u010del, pro kter\u00fd byla posuzov\u00e1na,&nbsp;<strong>je zdravotn\u011b zp\u016fsobil\u00e1<\/strong>,<br>ii.&nbsp;<strong>prodlu\u017euje o&nbsp;30 dn\u016f<\/strong>&nbsp;ode dne n\u00e1sleduj\u00edc\u00edho od ukon\u010den\u00ed nouzov\u00e9ho stavu, pokud z\u00e1v\u011br l\u00e9ka\u0159sk\u00e9ho posudku uv\u00e1d\u00ed, \u017ee posuzovan\u00e1 osoba pro \u00fa\u010del, pro kter\u00fd byla posuzov\u00e1na,&nbsp;<strong>je zp\u016fsobil\u00e1 s&nbsp;podm\u00ednkou<\/strong>.<\/p>\n\n\n\n<p class=\"has-text-align-center\">V.<\/p>\n\n\n\n<p>Toto mimo\u0159\u00e1dn\u00e9 opat\u0159en\u00ed nab\u00fdv\u00e1 platnosti dnem jeho vyd\u00e1n\u00ed.<\/p>\n\n\n\n<h2 class=\"wp-block-heading\"><strong>Od\u016fvodn\u011bn\u00ed<\/strong><\/h2>\n\n\n\n<p>Mimo\u0159\u00e1dn\u00e9 opat\u0159en\u00ed je vyd\u00e1no v&nbsp;souvislosti s&nbsp;nep\u0159\u00edzniv\u00fdm v\u00fdvojem epidemiologick\u00e9 situace ve v\u00fdskytu onemocn\u011bn\u00ed COVID-19 zp\u016fsoben\u00e9 nov\u00fdm koronavirem s&nbsp;ozna\u010den\u00edm SARS-CoV-2 v&nbsp;Evrop\u011b. Usnesen\u00ed vl\u00e1dy \u010cesk\u00e9 republiky \u010d.&nbsp;214 ze dne 15. b\u0159ezna 2020 o&nbsp;p\u0159ijet\u00ed krizov\u00e9ho opat\u0159en\u00ed, bylo nahrazeno usnesen\u00edm vl\u00e1dy \u010cesk\u00e9 republiky \u010d.&nbsp;280 ze dne 23. b\u0159ezna 2020, kter\u00fdm vl\u00e1da na\u0159\u00eddila, \u017ee&nbsp;<strong>po dobu trv\u00e1n\u00ed nouzov\u00e9ho stavu lze posouzen\u00ed zdravotn\u00ed zp\u016fsobilosti osoby uch\u00e1zej\u00edc\u00ed se o&nbsp;zam\u011bstn\u00e1n\u00ed<\/strong>&nbsp;dle z\u00e1kona \u010d.&nbsp;373\/2011 Sb., o&nbsp;specifick\u00fdch zdravotn\u00edch slu\u017eb\u00e1ch, ve zn\u011bn\u00ed pozd\u011bj\u0161\u00edch p\u0159edpis\u016f, u&nbsp;zam\u011bstnanc\u016f, jejich\u017e pracovn\u011bpr\u00e1vn\u00ed vztah vznikne&nbsp;ode dne vyhl\u00e1\u0161en\u00ed nouzov\u00e9ho stavu,&nbsp;<strong>nahradit \u010destn\u00fdm prohl\u00e1\u0161en\u00edm<\/strong>; d\u00e1le, \u017ee&nbsp;<strong>u zam\u011bstnanc\u016f nen\u00ed pot\u0159eba prov\u00e1d\u011bt periodick\u00e9 l\u00e9ka\u0159sk\u00e9 prohl\u00eddky<\/strong>&nbsp;ve smyslu ustanoven\u00ed \u00a7 11 vyhl\u00e1\u0161ky \u010d.&nbsp;79\/2011 Sb., o&nbsp;proveden\u00ed n\u011bkter\u00fdch ustanoven\u00ed z\u00e1kona \u010d.&nbsp;373\/2011 Sb., o&nbsp;specifick\u00fdch zdravotn\u00edch slu\u017eb\u00e1ch, (vyhl\u00e1\u0161ka o&nbsp;pracovn\u011bl\u00e9ka\u0159sk\u00fdch slu\u017eb\u00e1ch a&nbsp;n\u011bkter\u00fdch druz\u00edch posudkov\u00e9 p\u00e9\u010de), ve zn\u011bn\u00ed pozd\u011bj\u0161\u00edch p\u0159edpis\u016f.<\/p>\n\n\n\n<p>T\u00edmto mimo\u0159\u00e1dn\u00fdm opat\u0159en\u00edm Ministerstvo zdravotnictv\u00ed stanov\u00ed, \u017ee \u010destn\u00e1 prohl\u00e1\u0161en\u00ed vydan\u00e1 v&nbsp;souladu se shora uveden\u00fdmi Usnesen\u00edmi vl\u00e1dy \u010cesk\u00e9 republiky, jsou&nbsp;<strong>platn\u00e1 po p\u0159echodnou dobu i&nbsp;po ukon\u010den\u00ed nouzov\u00e9ho stavu<\/strong>, a&nbsp;to z&nbsp;d\u016fvodu, aby zam\u011bstnanci, kte\u0159\u00ed jsou na jejich z\u00e1klad\u011b zp\u016fsobil\u00ed k&nbsp;v\u00fdkonu pr\u00e1ce, nepozbyli v\u0161ichni nar\u00e1z tuto zp\u016fsobilost v&nbsp;okam\u017eiku ukon\u010den\u00ed nouzov\u00e9ho stavu. Zam\u011bstnavatel je toti\u017e podle \u00a7 103 odst. 1 p\u00edsm. a) z\u00e1kona \u010d.&nbsp;262\/2006 Sb., z\u00e1kon\u00edk pr\u00e1ce, ve zn\u011bn\u00ed pozd\u011bj\u0161\u00edch p\u0159edpis\u016f, povinen nep\u0159ipustit, aby zam\u011bstnanec vykon\u00e1val zak\u00e1zan\u00e9 pr\u00e1ce a&nbsp;pr\u00e1ce, jejich\u017e n\u00e1ro\u010dnost by neodpov\u00eddala jeho schopnostem a&nbsp;zdravotn\u00ed zp\u016fsobilosti. Z\u00e1kon v\u00fdjimky neumo\u017e\u0148uje.<\/p>\n\n\n\n<p>Jin\u00e9 \u0159e\u0161en\u00ed by v&nbsp;sou\u010dasn\u00e9 dob\u011b nebylo vhodn\u00e9 ani pro poskytovatele pracovn\u011bl\u00e9ka\u0159sk\u00fdch slu\u017eeb, jimi\u017e jsou nyn\u00ed p\u0159edev\u0161\u00edm registruj\u00edc\u00ed poskytovatel\u00e9 zdravotn\u00edch slu\u017eeb posuzovan\u00e9 osoby, ani pro zam\u011bstnance a&nbsp;zam\u011bstnavatele.<\/p>\n\n\n\n<p>Mgr. et Mgr. Adam Vojt\u011bch, MHA<br>ministr zdravotnictv\u00ed<\/p>\n\n\n<p><!--EndFragment--><br>\n<br>\n<\/p>","protected":false},"excerpt":{"rendered":"<p>Ukon\u010den\u00edm nouzov\u00e9ho stavu se platnost \u010destn\u00e9ho prohl\u00e1\u0161en\u00ed nahrazuj\u00edc\u00edho posouzen\u00ed zdravotn\u00ed zp\u016fsobilosti osoby uch\u00e1zej\u00edc\u00ed se o&nbsp;zam\u011bstn\u00e1n\u00ed a&nbsp;platnost l\u00e9ka\u0159sk\u00fdch posudk\u016f o&nbsp;zdravotn\u00ed zp\u016fsobilosti k&nbsp;pr\u00e1ci vyd\u00e1van\u00fdch na z\u00e1klad\u011b vstupn\u00edch l\u00e9ka\u0159sk\u00fdch prohl\u00eddek, l\u00e9ka\u0159sk\u00fdch periodick\u00fdch prohl\u00eddek&#8230;<\/p>\n","protected":false},"author":3,"featured_media":591,"comment_status":"closed","ping_status":"closed","sticky":false,"template":"","format":"standard","meta":{"_jetpack_memberships_contains_paid_content":false,"footnotes":""},"categories":[15,4],"tags":[],"class_list":["post-590","post","type-post","status-publish","format-standard","has-post-thumbnail","hentry","category-pracovnelekarske-sluzby","category-rizeni-rizik"],"jetpack_featured_media_url":"https:\/\/www.apti.cz\/wp-content\/uploads\/2020\/05\/HEADER_840x480pixPLS.png","jetpack_sharing_enabled":true,"_links":{"self":[{"href":"https:\/\/www.apti.cz\/index.php\/wp-json\/wp\/v2\/posts\/590","targetHints":{"allow":["GET"]}}],"collection":[{"href":"https:\/\/www.apti.cz\/index.php\/wp-json\/wp\/v2\/posts"}],"about":[{"href":"https:\/\/www.apti.cz\/index.php\/wp-json\/wp\/v2\/types\/post"}],"author":[{"embeddable":true,"href":"https:\/\/www.apti.cz\/index.php\/wp-json\/wp\/v2\/users\/3"}],"replies":[{"embeddable":true,"href":"https:\/\/www.apti.cz\/index.php\/wp-json\/wp\/v2\/comments?post=590"}],"version-history":[{"count":1,"href":"https:\/\/www.apti.cz\/index.php\/wp-json\/wp\/v2\/posts\/590\/revisions"}],"predecessor-version":[{"id":592,"href":"https:\/\/www.apti.cz\/index.php\/wp-json\/wp\/v2\/posts\/590\/revisions\/592"}],"wp:featuredmedia":[{"embeddable":true,"href":"https:\/\/www.apti.cz\/index.php\/wp-json\/wp\/v2\/media\/591"}],"wp:attachment":[{"href":"https:\/\/www.apti.cz\/index.php\/wp-json\/wp\/v2\/media?parent=590"}],"wp:term":[{"taxonomy":"category","embeddable":true,"href":"https:\/\/www.apti.cz\/index.php\/wp-json\/wp\/v2\/categories?post=590"},{"taxonomy":"post_tag","embeddable":true,"href":"https:\/\/www.apti.cz\/index.php\/wp-json\/wp\/v2\/tags?post=590"}],"curies":[{"name":"wp","href":"https:\/\/api.w.org\/{rel}","templated":true}]}}