{"id":2049,"date":"2024-06-11T19:52:39","date_gmt":"2024-06-11T19:52:39","guid":{"rendered":"https:\/\/www.apti.cz\/?p=2049"},"modified":"2024-06-11T19:52:42","modified_gmt":"2024-06-11T19:52:42","slug":"evropska-komise-pripravuje-hodnoceni-ucelnosti-smernice-o-tlakovych-zarizenich-a-smernice-o-jednoduchych-tlakovych-nadobach","status":"publish","type":"post","link":"https:\/\/www.apti.cz\/index.php\/2024\/06\/11\/evropska-komise-pripravuje-hodnoceni-ucelnosti-smernice-o-tlakovych-zarizenich-a-smernice-o-jednoduchych-tlakovych-nadobach\/","title":{"rendered":"Evropsk\u00e1 komise p\u0159ipravuje hodnocen\u00ed \u00fa\u010delnosti sm\u011brnice o tlakov\u00fdch za\u0159\u00edzen\u00edch a sm\u011brnice o jednoduch\u00fdch tlakov\u00fdch n\u00e1dob\u00e1ch"},"content":{"rendered":"\n<p><strong>Komise vypsala v\u00fdzvu pro sb\u011br informac\u00ed t\u00fdkaj\u00edc\u00ed se hodnocen\u00ed sm\u011brnice o tlakov\u00fdch za\u0159\u00edzen\u00edch 2014\/68\/EU (PED) a sm\u011brnice o jednoduch\u00fdch tlakov\u00fdch n\u00e1dob\u00e1ch 2014\/29\/EU (SPVD). Tyto sm\u011brnice maj\u00ed zaru\u010dit voln\u00fd pohyb na vnit\u0159n\u00edm trhu v\u00fdrobk\u016f v jejich oblasti p\u016fsobnosti a z\u00e1rove\u0148 zajistit vysokou \u00farove\u0148 bezpe\u010dnosti \u0159e\u0161\u00edc\u00ed rizika vypl\u00fdvaj\u00edc\u00ed z tlaku. Sm\u011brnice PED se vztahuje na velmi \u0161irokou \u0161k\u00e1lu v\u00fdrobk\u016f od hasic\u00edch p\u0159\u00edstroj\u016f, tlakov\u00fdch skladovac\u00edch n\u00e1dob pro pr\u016fmyslov\u00e9 plyny a\u017e po velk\u00e9 sestavy, jako jsou chemick\u00e1 za\u0159\u00edzen\u00ed nebo kotle v elektr\u00e1rn\u00e1ch. Sm\u011brnice SPVD se vztahuje na relativn\u011b mal\u00fd sortiment stabiln\u00edch tlakov\u00fdch n\u00e1dob pro skladov\u00e1n\u00ed stla\u010den\u00e9ho vzduchu nebo dus\u00edku pou\u017e\u00edvan\u00fdch zejm\u00e9na pro pneumatick\u00e9 aplikace.<\/strong><\/p>\n\n\n\n<p>Hodnocen\u00ed posoud\u00ed, zda ob\u011b sm\u011brnice nad\u00e1le pln\u00ed sv\u016fj \u00fa\u010del, pokud jde o \u00fa\u010delnost, \u00fa\u010dinnost, relevanci, soudr\u017enost a p\u0159idanou hodnotu EU. Hodnocen\u00ed rovn\u011b\u017e ur\u010d\u00ed, zda jsou zapot\u0159eb\u00ed jak\u00e9koli zm\u011bny na podporu zejm\u00e9na c\u00edl\u016f Zelen\u00e9 dohody pro Evropu a digit\u00e1ln\u00edho v\u011bku.<\/p>\n\n\n\n<p>Od sv\u00e9ho p\u016fvodn\u00edho p\u0159ijet\u00ed v roce 1987 nebyla sm\u011brnice SPVD p\u0159edm\u011btem hodnocen\u00ed. V roce 2014 byla slad\u011bna s nov\u00fdm legislativn\u00edm r\u00e1mcem. Sm\u011brnice PED byla vyhodnocena v roce 2012. Na z\u00e1klad\u011b tohoto hodnocen\u00ed nebyla sm\u011brnice v roce 2014 revidov\u00e1na, ale pouze uvedena do souladu s nov\u00fdm legislativn\u00edm r\u00e1mcem.<\/p>\n\n\n\n<p>Vzhledem k tomu, \u017ee pr\u00e1vn\u00ed p\u0159edpisy nebyly v posledn\u00ed dob\u011b revidov\u00e1ny, hodnocen\u00ed ov\u011b\u0159\u00ed, zda jsou i nad\u00e1le vhodn\u00e9 pro dan\u00fd \u00fa\u010del a zda je t\u0159eba n\u011bkter\u00e1 ustanoven\u00ed optimalizovat a modernizovat, aby vyhovovala dan\u00e9 problematice. Tj. nap\u0159\u00edklad v aplikac\u00edch pro plynn\u00fd vod\u00edk, inovativn\u00ed materi\u00e1ly, zm\u011bnu klimatu, digitalizaci atd.<\/p>\n\n\n\n<p>Hodnocen\u00ed bude zejm\u00e9na analyzovat ot\u00e1zky t\u00fdkaj\u00edc\u00ed se oblasti p\u016fsobnosti pr\u00e1vn\u00edch p\u0159edpis\u016f a v\u00fdjimek, interakce s jin\u00fdmi pr\u00e1vn\u00edmi p\u0159edpisy v oblasti bezpe\u010dnosti v\u00fdrobk\u016f a identifikuje mo\u017en\u00e9 nedostatky v z\u00e1kladn\u00edch po\u017eadavc\u00edch na bezpe\u010dnost a postupech posuzov\u00e1n\u00ed shody.<\/p>\n\n\n\n<p>Z d\u016fvodu efektivnosti budou ob\u011b sm\u011brnice p\u0159edm\u011btem jedin\u00e9ho hodnocen\u00ed. Ob\u011b sm\u011brnice se zab\u00fdvaj\u00ed vnit\u0159n\u00edm trhem a bezpe\u010dnost\u00ed v\u00fdrobk\u016f v d\u016fsledku nebezpe\u010d\u00ed vypl\u00fdvaj\u00edc\u00edch z p\u016fsoben\u00ed tlaku. A\u010dkoli se sm\u011brnice vztahuj\u00ed na r\u016fzn\u00e9 v\u00fdrobky, z\u00fa\u010dastn\u011bn\u00e9 strany jsou z velk\u00e9 \u010d\u00e1sti stejn\u00e9. Hodnocen\u00ed se bude t\u00fdkat posledn\u00edch deseti let po uveden\u00ed obou sm\u011brnic do souladu s nov\u00fdm legislativn\u00edm r\u00e1mcem v roce 2014.<\/p>\n\n\n\n<p>Hodnocen\u00ed m\u00e1 ov\u011b\u0159it tyto parametry:<\/p>\n\n\n\n<ul class=\"wp-block-list\">\n<li>\u00fa\u010delnost toho, zda:\n<ul class=\"wp-block-list\">\n<li>sm\u011brnice dos\u00e1hly sv\u00fdch bezpe\u010dnostn\u00edch c\u00edl\u016f a z\u00e1rove\u0148 umo\u017enily voln\u00fd pohyb v\u00fdrobk\u016f, <\/li>\n\n\n\n<li>st\u00e1vaj\u00edc\u00ed po\u017eadavky jsou dostate\u010dn\u00e9 k zaji\u0161t\u011bn\u00ed bezpe\u010dnosti v\u00fdrobk\u016f na trhu, <\/li>\n\n\n\n<li>oblast p\u016fsobnosti je dostate\u010dn\u011b jasn\u00e1, o seznam v\u00fdjimek z oblasti p\u016fsobnosti je st\u00e1le vhodn\u00fd, <\/li>\n\n\n\n<li>uplat\u0148ov\u00e1n\u00ed sm\u011brnic soub\u011b\u017en\u011b s dal\u0161\u00edmi pr\u00e1vn\u00edmi p\u0159edpisy v oblasti bezpe\u010dnosti v\u00fdrobk\u016f (jako je sm\u011brnice o strojn\u00edch za\u0159\u00edzen\u00edch) je spr\u00e1vn\u011b prov\u00e1d\u011bno, <\/li>\n\n\n\n<li>sm\u011brnice jsou prosazov\u00e1ny v r\u00e1mci vnit\u0159n\u00edho trhu a na vn\u011bj\u0161\u00edch hranic\u00edch EU, pokud jde o v\u00fdrobky vstupuj\u00edc\u00ed do EU ze t\u0159et\u00edch zem\u00ed;<\/li>\n<\/ul>\n<\/li>\n\n\n\n<li>\u00fa\u010dinnost (jak\u00e9 jsou n\u00e1klady a p\u0159\u00ednosy);<\/li>\n\n\n\n<li>relevantnost (zda sm\u011brnice reaguj\u00ed na pot\u0159eby z\u00fa\u010dastn\u011bn\u00fdch stran);<\/li>\n\n\n\n<li>soudr\u017enost (jak dob\u0159e sm\u011brnice funguj\u00ed v kombinaci s dal\u0161\u00edmi harmonizovan\u00fdmi pr\u00e1vn\u00edmi p\u0159edpisy v oblasti bezpe\u010dnosti v\u00fdrobk\u016f, jako je sm\u011brnice o strojn\u00edch za\u0159\u00edzen\u00edch, sm\u011brnice o za\u0159\u00edzen\u00edch n\u00edzk\u00e9ho nap\u011bt\u00ed atd.);<\/li>\n\n\n\n<li>p\u0159idan\u00e1 hodnotu EU (jak\u00e9 jsou p\u0159\u00ednosy harmonizace pr\u00e1vn\u00edch p\u0159edpis\u016f na \u00farovni EU).<\/li>\n<\/ul>\n\n\n\n<p>Hodnocen\u00ed rovn\u011b\u017e prozkoum\u00e1 mo\u017enosti zjednodu\u0161en\u00ed a bude zahrnovat posouzen\u00ed odstran\u011bn\u00ed potenci\u00e1ln\u00ed zbyte\u010dn\u00e9 z\u00e1t\u011b\u017ee nebo zjednodu\u0161en\u00ed legislativy.<\/p>\n\n\n\n<p>Na z\u00e1klad\u011b zji\u0161t\u011bn\u00ed Komise posoud\u00ed, zda je ke zlep\u0161en\u00ed prov\u00e1d\u011bn\u00ed t\u011bchto sm\u011brnic zapot\u0159eb\u00ed dal\u0161\u00ed opat\u0159en\u00ed. V\u00fdsledky hodnocen\u00ed mohou rovn\u011b\u017e slou\u017eit jako podkladov\u00e1 z\u00e1kladna pro p\u0159\u00edpadnou budouc\u00ed revizi pr\u00e1vn\u00edch p\u0159edpis\u016f.<\/p>\n\n\n\n<h3 class=\"wp-block-heading\"><strong>Konzulta\u010dn\u00ed strategie<\/strong><\/h3>\n\n\n\n<p>C\u00edlem konzulta\u010dn\u00ed strategie je shrom\u00e1\u017edit d\u016fkazy a n\u00e1zory \u0161irok\u00e9 \u0161k\u00e1ly z\u00fa\u010dastn\u011bn\u00fdch stran. Z\u00fa\u010dastn\u011bn\u00e9 strany budou moci poskytnout relevantn\u00ed informace o prov\u00e1d\u011bn\u00ed sm\u011brnic.<\/p>\n\n\n\n<p>V pr\u016fb\u011bhu hodnocen\u00ed bude provedena c\u00edlen\u00e1 konzultace v kombinaci se souborem rozhovor\u016f s hlavn\u00edmi z\u00fa\u010dastn\u011bn\u00fdmi stranami (v\u010detn\u011b mal\u00fdch a st\u0159edn\u00edch podnik\u016f a region\u00e1ln\u00edch org\u00e1n\u016f).<\/p>\n\n\n\n<p>V souladu s politikou Komise v oblasti zlep\u0161ov\u00e1n\u00ed pr\u00e1vn\u00ed \u00fapravy, jej\u00edm\u017e c\u00edlem je rozv\u00edjet iniciativy na z\u00e1klad\u011b nejlep\u0161\u00edch dostupn\u00fdch poznatk\u016f, rovn\u011b\u017e vyz\u00fdv\u00e1me v\u011bdeck\u00e9 pracovn\u00edky, akademick\u00e9 organizace, odborn\u00e9 spole\u010dnosti a v\u011bdeck\u00e1 sdru\u017een\u00ed s odborn\u00fdmi znalostmi t\u00fdkaj\u00edc\u00edmi se bezpe\u010dnosti tlakov\u00fdch za\u0159\u00edzen\u00ed, aby p\u0159edlo\u017eili relevantn\u00ed publikovan\u00e9 i dosud nepublikovan\u00e9 v\u011bdeck\u00e9 v\u00fdzkumy, anal\u00fdzy a \u00fadaje. Obzvl\u00e1\u0161t\u011b relevantn\u00ed by byly p\u0159\u00edsp\u011bvky shrnuj\u00edc\u00ed sou\u010dasn\u00fd stav znalost\u00ed v p\u0159\u00edslu\u0161n\u00e9 oblasti, jako jsou vod\u00edkov\u00e9 technologie, aditivn\u00ed v\u00fdroba, pou\u017e\u00edv\u00e1n\u00ed d\u00e1lkov\u00e9 kontroly pro posuzov\u00e1n\u00ed shody, strojov\u00e9 u\u010den\u00ed a um\u011bl\u00e1 inteligence zav\u00e1d\u011bn\u00e1 v syst\u00e9mech \u0159\u00edzen\u00ed proces\u016f.<\/p>\n\n\n\n<p>K hodnotic\u00ed zpr\u00e1v\u011b bude p\u0159ipojena souhrnn\u00e1 zpr\u00e1va, v n\u00ed\u017e budou shrnuty v\u00fdsledky v\u0161ech konzulta\u010dn\u00edch \u010dinnost\u00ed.<\/p>\n\n\n\n<p>C\u00edlem konzultace je shrom\u00e1\u017edit podn\u011bty od z\u00fa\u010dastn\u011bn\u00fdch stran k prov\u00e1d\u011bn\u00ed sm\u011brnic PED a SPVD. Konzultace dodaj\u00ed p\u0159\u00edslu\u0161n\u00e9 informace o prov\u00e1d\u011bn\u00ed sm\u011brnic, identifikuj\u00ed oblasti, kter\u00e9 vy\u017eaduj\u00ed hloubkov\u00fd p\u0159ezkum, a poskytnou \u00fadaje pro hodnocen\u00ed.<\/p>\n\n\n\n<h3 class=\"wp-block-heading\"><strong>Odborn\u00e9 akce zam\u011b\u0159en\u00e9 na problematiku sm\u011brnic pro tlakov\u00e1 za\u0159\u00edzen\u00ed PED a jednoduch\u00e9 tlakov\u00e9 n\u00e1doby SPVD<\/strong><\/h3>\n\n\n\n<figure class=\"wp-block-image size-large\"><a href=\"https:\/\/www.technicka-zarizeni.cz\/tlak-2024\/\"><img decoding=\"async\" src=\"https:\/\/www.technicka-zarizeni.cz\/wp-content\/uploads\/2024\/01\/TLAK_2024_sal-720x480.png\" alt=\"\" class=\"wp-image-22208\"\/><\/a><\/figure>\n\n\n\n<p>Problematika sm\u011brnice PED a SPVD bude zahrnuta tak\u00e9 do programu odborn\u00fdch akc\u00ed AKADEMIE APTI jak\u00fdmi jsou <strong><a href=\"https:\/\/www.technicka-zarizeni.cz\/tlak-2024\/\" title=\"\">TLAK 2024<\/a><\/strong> nebo odborn\u00fd semin\u00e1\u0159 <strong><a href=\"https:\/\/www.technicka-zarizeni.cz\/ped-2025\/\" title=\"\">PED 2025<\/a><\/strong>.<\/p>\n\n\n\n<figure class=\"wp-block-image size-full\"><a href=\"https:\/\/www.technicka-zarizeni.cz\/tlak-2024\/\"><img decoding=\"async\" src=\"https:\/\/www.technicka-zarizeni.cz\/wp-content\/uploads\/2024\/05\/TLAK_24_strip_logo-RGB_variant-one.png\" alt=\"\" class=\"wp-image-22928\"\/><\/a><\/figure>\n\n\n\n<p><strong>24. ro\u010dn\u00edk odborn\u00e9ho f\u00f3ra tlakov\u00fdch za\u0159\u00edzen\u00ed v pr\u016fmyslu, energetice a tepl\u00e1renstv\u00ed<\/strong><\/p>\n\n\n\n<h5 class=\"wp-block-heading\"><strong>15.-16. \u0159\u00edjna 2024<\/strong><\/h5>\n\n\n\n<h5 class=\"wp-block-heading\"><strong>EA Congress Hotel Aldis****<\/strong><\/h5>\n\n\n\n<h5 class=\"wp-block-heading\"><strong>Hradec Kr\u00e1lov\u00e9<\/strong><\/h5>\n\n\n\n<p><strong>Akce se kon\u00e1 pod z\u00e1\u0161titou m\u00edstop\u0159edsedy vl\u00e1dy a ministra pr\u00e1ce a soci\u00e1ln\u00edch v\u011bc\u00ed Ing. Mariana Jure\u010dky a ministra pr\u016fmyslu a obchodu Ing. Josefa S\u00edkely.<\/strong><\/p>\n\n\n\n<p><strong><a href=\"http:\/\/24. ro\u010dn\u00edk odborn\u00e9ho f\u00f3ra tlakov\u00fdch za\u0159\u00edzen\u00ed v pr\u016fmyslu, energetice a tepl\u00e1renstv\u00ed  15.-16. \u0159\u00edjna 2024 EA Congress Hotel Aldis**** Hradec Kr\u00e1lov\u00e9 Akce se kon\u00e1 pod z\u00e1\u0161titou m\u00edstop\u0159edsedy vl\u00e1dy a ministra pr\u00e1ce a soci\u00e1ln\u00edch v\u011bc\u00ed Ing. Mariana Jure\u010dky a ministra pr\u016fmyslu a obchodu Ing. Josefa S\u00edkely.\" title=\"\">Vice zde &gt;&gt;&gt;<\/a><\/strong><\/p>\n","protected":false},"excerpt":{"rendered":"<p>Komise vypsala v\u00fdzvu pro sb\u011br informac\u00ed t\u00fdkaj\u00edc\u00ed se hodnocen\u00ed sm\u011brnice o tlakov\u00fdch za\u0159\u00edzen\u00edch 2014\/68\/EU (PED) a sm\u011brnice o jednoduch\u00fdch tlakov\u00fdch n\u00e1dob\u00e1ch 2014\/29\/EU (SPVD). Tyto sm\u011brnice maj\u00ed zaru\u010dit voln\u00fd pohyb na&#8230;<\/p>\n","protected":false},"author":1,"featured_media":2050,"comment_status":"closed","ping_status":"closed","sticky":false,"template":"","format":"standard","meta":{"_jetpack_memberships_contains_paid_content":false,"footnotes":""},"categories":[18,4,8],"tags":[],"class_list":["post-2049","post","type-post","status-publish","format-standard","has-post-thumbnail","hentry","category-nova-legislativa","category-rizeni-rizik","category-tlakova-zarizeni"],"jetpack_featured_media_url":"https:\/\/www.apti.cz\/wp-content\/uploads\/2024\/06\/HEADER_EU_EK_evropska_komise_840x480.png","jetpack_sharing_enabled":true,"_links":{"self":[{"href":"https:\/\/www.apti.cz\/index.php\/wp-json\/wp\/v2\/posts\/2049","targetHints":{"allow":["GET"]}}],"collection":[{"href":"https:\/\/www.apti.cz\/index.php\/wp-json\/wp\/v2\/posts"}],"about":[{"href":"https:\/\/www.apti.cz\/index.php\/wp-json\/wp\/v2\/types\/post"}],"author":[{"embeddable":true,"href":"https:\/\/www.apti.cz\/index.php\/wp-json\/wp\/v2\/users\/1"}],"replies":[{"embeddable":true,"href":"https:\/\/www.apti.cz\/index.php\/wp-json\/wp\/v2\/comments?post=2049"}],"version-history":[{"count":1,"href":"https:\/\/www.apti.cz\/index.php\/wp-json\/wp\/v2\/posts\/2049\/revisions"}],"predecessor-version":[{"id":2051,"href":"https:\/\/www.apti.cz\/index.php\/wp-json\/wp\/v2\/posts\/2049\/revisions\/2051"}],"wp:featuredmedia":[{"embeddable":true,"href":"https:\/\/www.apti.cz\/index.php\/wp-json\/wp\/v2\/media\/2050"}],"wp:attachment":[{"href":"https:\/\/www.apti.cz\/index.php\/wp-json\/wp\/v2\/media?parent=2049"}],"wp:term":[{"taxonomy":"category","embeddable":true,"href":"https:\/\/www.apti.cz\/index.php\/wp-json\/wp\/v2\/categories?post=2049"},{"taxonomy":"post_tag","embeddable":true,"href":"https:\/\/www.apti.cz\/index.php\/wp-json\/wp\/v2\/tags?post=2049"}],"curies":[{"name":"wp","href":"https:\/\/api.w.org\/{rel}","templated":true}]}}