{"id":1642,"date":"2023-07-18T17:03:43","date_gmt":"2023-07-18T17:03:43","guid":{"rendered":"https:\/\/www.apti.cz\/?p=1642"},"modified":"2023-07-18T17:07:47","modified_gmt":"2023-07-18T17:07:47","slug":"konference-obnova-vodohospodarske-infrastruktury-2023","status":"publish","type":"post","link":"https:\/\/www.apti.cz\/index.php\/2023\/07\/18\/konference-obnova-vodohospodarske-infrastruktury-2023\/","title":{"rendered":"Konference Obnova vodohospod\u00e1\u0159sk\u00e9 infrastruktury 2023"},"content":{"rendered":"\n<p><strong>Ve dnech 12.-13. z\u00e1\u0159\u00ed 2023 prob\u011bhne v konferen\u010dn\u00edm centru hotelu ALLVET u Vy\u0161kova v po\u0159ad\u00ed ji\u017e VIII. ro\u010dn\u00edk konference Obnova vodohospod\u00e1\u0159sk\u00e9 infrastruktury. Odborn\u00fd program konference se zab\u00fdv\u00e1 problematikou koncep\u010dn\u00edho \u0159e\u0161en\u00ed sanac\u00ed vodovodn\u00edch i kanaliza\u010dn\u00edch s\u00edt\u00ed, modern\u00edmi metodami inspekce stavu, pl\u00e1nov\u00e1n\u00ed rekonstrukc\u00ed, metodami klasick\u00fdch i bezv\u00fdkopov\u00fdch technologi\u00ed pou\u017e\u00edvan\u00fdch v sou\u010dasn\u00e9 dob\u011b k sanaci vodovodn\u00edch a kanaliza\u010dn\u00edch s\u00edt\u00ed se zam\u011b\u0159en\u00edm na lok\u00e1ln\u00ed opravy, celkov\u00e9 opravy \u0159ad\u016f ve st\u00e1vaj\u00edc\u00ed i nov\u00e9 trase, opravami, renovacemi a budov\u00e1n\u00edm ostatn\u00edch objekt\u016f vodohospod\u00e1\u0159sk\u00e9 infrastruktury.<\/strong><\/p>\n\n\n\n<p><strong>Pozornost je tak\u00e9 zam\u011b\u0159ena na vytv\u00e1\u0159en\u00ed zdroj\u016f pro obnovu vod\u00e1rensk\u00fdch objekt\u016f, legislativu a pr\u00e1vn\u00ed aspekty obnovy, implementaci chytr\u00fdch prvk\u016f a modern\u00edch technologi\u00ed \u00fapravy pitn\u00e9 vody, zpracov\u00e1n\u00ed odpadn\u00edch vod a problematice sni\u017eov\u00e1n\u00ed energetick\u00e9 n\u00e1ro\u010dnosti, mo\u017enostem kogenerace a vyu\u017eit\u00ed odpadn\u00edch vod pro v\u00fdrobu tepla a obnoviteln\u00fdch energi\u00ed.<\/strong><\/p>\n\n\n\n<p><strong>Hlavn\u00ed programov\u00e1 t\u00e9mata<\/strong><\/p>\n\n\n\n<ul class=\"wp-block-list\"><li>legislativa se vztahem k obnov\u011b VHI<\/li><li>pl\u00e1nov\u00e1n\u00ed obnovy VHI<\/li><li>financov\u00e1n\u00ed obnovy VHI, dota\u010dn\u00ed tituly, aktu\u00e1ln\u00ed stav \u010derp\u00e1n\u00ed<\/li><li>modern\u00ed materi\u00e1ly technologie, postupy a materi\u00e1ly pro obnovu VHI<\/li><li>informa\u010dn\u00ed technologie, BIM, inteligentn\u00ed prvky infrastruktury, smart metering a internet v\u011bc\u00ed ve VHI<\/li><li>sni\u017eov\u00e1n\u00ed energetick\u00e9 n\u00e1ro\u010dnosti provozu VHI, vyu\u017eit\u00ed OZE, v\u00fdroba biometanu a tepla s vyu\u017eit\u00edm potenci\u00e1lu odpadn\u00edch vod.<\/li><\/ul>\n\n\n\n<p>Konference je za\u0159azena do program\u016f celo\u017eivotn\u00edho vzd\u011bl\u00e1v\u00e1n\u00ed \u010cKAIT a AKADEMIE APTI, \u00fa\u010dast je tedy mo\u017en\u00e9 vyk\u00e1zat jako odborn\u00e9 vzd\u011bl\u00e1v\u00e1n\u00ed zam\u011bstnanc\u016f. Akce je akreditov\u00e1na u \u010cKAIT pod \u010d\u00edslem 3414605, \u00fa\u010dast na akci je hodnocena 2body v programu C\u017dV \u010cKAIT.<\/p>\n\n\n\n<p>V r\u00e1mci programu prob\u011bhne tak\u00e9 doprovodn\u00e1 v\u00fdstava v\u00fdrobk\u016f a slu\u017eeb pro obor vodovod\u016f a kanalizac\u00ed.<\/p>\n\n\n\n<p><strong>Bli\u017e\u0161\u00ed informace jsou k dispozici na t\u011bchto odkazech:<\/strong><\/p>\n\n\n\n<p><a href=\"https:\/\/www.vakinfo.cz\/obnova-2023\/program-konference\/\"><strong>Program konference<\/strong><\/a><strong><br><\/strong><a href=\"https:\/\/www.vakinfo.cz\/obnova-2023\/organizacni-pokyny\/\"><strong>Organiza\u010dn\u00ed pokyny<\/strong><\/a><strong><br><\/strong><a href=\"https:\/\/www.vakinfo.cz\/obnova-2023\/ke-stazeni\/\"><strong>Ke sta\u017een\u00ed<\/strong><\/a><strong><br><\/strong><a href=\"https:\/\/medim.cz\/obnova-2023-prihlaskovy-formular\/\"><strong>P\u0159ihl\u00e1\u0161ka on-line<\/strong><\/a><strong><br><\/strong><a href=\"https:\/\/www.vakinfo.cz\/nabidka-ubytovani\/\"><strong>Ubytov\u00e1n\u00ed<\/strong><\/a><strong><br><\/strong><a href=\"https:\/\/www.vakinfo.cz\/obnova-2023\/doprovodna-vystava-reklamni-sluzby-na-konferenci\/\"><strong>Doprovodn\u00e1 v\u00fdstava<\/strong><\/a><strong><br><\/strong><a href=\"https:\/\/www.vakinfo.cz\/o_portalu\/vseobecne-podminky-ucasti\/\"><strong>V\u0161eobecn\u00e9 obchodn\u00ed podm\u00ednky<\/strong><\/a><\/p>\n\n\n\n<p>V&nbsp;r\u00e1mci odborn\u00e9ho programu mimo jin\u00e9 zazn\u00ed\u2026<\/p>\n\n\n\n<h4 class=\"wp-block-heading\"><strong>Dvouslo\u017eka<\/strong><\/h4>\n\n\n\n<p><strong>Ing. Zden\u011bk Proch\u00e1zka, LL.M.<\/strong><br>Vodovody a kanalizace Vy\u0161kov, a.s.<br><em>Ekonomick\u00fd n\u00e1m\u011bstek ve spole\u010dnosti Vodovody a kanalizace Vy\u0161kov, \u010dlen ekonomick\u00e9 komise SOVAK \u010cR a p\u0159edseda revizn\u00ed komise SOVAK \u010cR<\/em><\/p>\n\n\n\n<p>Na \u010desk\u00e9m vod\u00e1rensk\u00e9m trhu v sou\u010dasn\u00e9 dob\u011b v\u00fdrazn\u011b p\u0159evl\u00e1d\u00e1 vyu\u017eit\u00ed jednoslo\u017ekov\u00e9 formy.<br>Polo\u017eme si ot\u00e1zku, jestli je sou\u010dasn\u00fd trend \u017e\u00e1douc\u00ed z dlouhodob\u00e9ho pohledu. Jednoslo\u017ekov\u00e1 forma vodn\u00e9ho a sto\u010dn\u00e9ho jednozna\u010dn\u011b zv\u00fdhod\u0148uje odb\u011bratele s nulov\u00fdmi nebo minim\u00e1ln\u00edmi odb\u011bry vody. Tito v p\u0159ev\u00e1\u017en\u00e9 v\u011bt\u0161in\u011b pou\u017e\u00edvaj\u00ed z\u0159\u00edzen\u00e9 odb\u011brn\u00e9 m\u00edsto p\u0159ipojen\u00e9 na vodovod pro ve\u0159ejnou pot\u0159ebu pouze jako z\u00e1lo\u017en\u00ed zdroj ke zdroji vlastn\u00edmu. Odb\u011bratel\u00e9 nehrad\u00ed v\u016fbec \u017e\u00e1dn\u00e9 nebo zcela minim\u00e1ln\u00ed \u010d\u00e1stky, kter\u00e9 nejsou schopn\u00e9 uhradit element\u00e1rn\u00ed n\u00e1klady spojen\u00e9 s existenc\u00ed odb\u011brn\u00e9ho m\u00edsta \u2013 nap\u0159. ode\u010dty VDM, kalibraci nebo v\u00fdm\u011bnu VDM, fakturaci, opravu p\u0159\u00edpojky na ve\u0159ejn\u00e9m prostranstv\u00ed. A zcela jist\u011b se nepod\u00edl\u00ed na n\u00e1kladech cel\u00e9ho vod\u00e1rensk\u00e9ho syst\u00e9mu \u2013 j\u00edm\u00e1n\u00ed, \u00faprav\u011b a distribuci pitn\u00e9 vody, kter\u00fd ze sv\u00e9 podstaty ani nem\u016f\u017ee b\u00fdt z\u00e1visl\u00fd na skute\u010dn\u011b odebran\u00e9m mno\u017estv\u00ed vody. Tito odb\u011bratel\u00e9 pot\u00e9 neo\u010dek\u00e1van\u011b a neobvykle zat\u011b\u017euj\u00ed vodovodn\u00ed s\u00ed\u0165 v obdob\u00ed sucha. Destabilizuj\u00ed cel\u00fd proces distribuce vody a d\u00e1le navy\u0161uj\u00ed n\u00e1klady na \u00fakor odb\u011bratel\u016f s pravideln\u00fdmi odb\u011bry. Podstatn\u00e1 \u010d\u00e1st n\u00e1klad\u016f t\u011bchto odb\u011bratel\u016f pak p\u0159ech\u00e1z\u00ed na odb\u011bratele s vy\u0161\u0161\u00edmi odb\u011bry. Jedn\u00e1 se o nef\u00e9rov\u00e9 p\u0159esouv\u00e1n\u00ed \u00fahrady n\u00e1klad\u016f do \u00fahrad odb\u011brn\u00fdch m\u00edst s pr\u016fm\u011brnou a vy\u0161\u0161\u00ed spot\u0159ebou.<br>Ne\u0161kod\u00ed jednoslo\u017ekov\u00e1 forma cel\u00e9mu oboru?<\/p>\n\n\n\n<h4 class=\"wp-block-heading\"><strong>Udr\u017eitelnost VHI v OP\u017dP<\/strong><\/h4>\n\n\n\n<p><strong>Ing. Gabriela Ba\u0161t\u00e1\u0159ov\u00e1<\/strong><br>St\u00e1tn\u00ed fond \u017eivotn\u00edho prost\u0159ed\u00ed<br><em>Absolventka stavebn\u00ed fakulty \u010cVUT Praha, oboru vodn\u00ed hospod\u00e1\u0159stv\u00ed a vodn\u00ed stavby. Po zahrani\u010dn\u00ed zku\u0161enosti p\u016fsobila 10 let v soukrom\u00e9m sektoru jako senior konsultant pro projekty z oblasti vodn\u00edho a odpadov\u00e9ho hospod\u00e1\u0159stv\u00ed a od roku 2014 p\u016fsob\u00ed na SF\u017dP \u010cR, kde zast\u00e1v\u00e1 pozici Vedouc\u00ed odd\u011blen\u00ed monitoringu VH projekt\u016f, a \u0159e\u0161\u00ed agendu, t\u00fdkaj\u00edc\u00ed se kompletn\u00ed problematiky finan\u010dn\u00ed udr\u017eitelnosti VH projekt\u016f. Je autorkou model\u016f, a metodick\u00fdch postup\u016f, vyu\u017e\u00edvan\u00fdch v OP\u017dP, pro oblast udr\u017eitelnosti a provozov\u00e1n\u00ed VHI, jako je Zjednodu\u0161en\u00fd finan\u010dn\u00ed model, v2.0, N\u00e1stroje Udr\u017eitelnosti a Monitorovac\u00ed n\u00e1stroje. M\u00e1 n\u011bkolikalet\u00e9 zku\u0161enosti z oblasti projektov\u00e9ho managementu a projekty metodick\u00e9 podpory, zejm\u00e9na s tvorbou a n\u00e1slednou implementac\u00ed finan\u010dn\u00edch model\u016f.<\/em><\/p>\n\n\n\n<p>P\u0159edstaven\u00ed v\u00fdsledk\u016f pln\u011bn\u00ed podm\u00ednek udr\u017eitelnosti VH projekt\u016f financovan\u00fdch z OP\u017dP. Hlavn\u00edm c\u00edlem M\u017dP\/SF\u017dP je maxim\u00e1ln\u00ed p\u0159ibl\u00ed\u017een\u00ed a respektov\u00e1n\u00ed po\u017eadavk\u016f na udr\u017eitelnost VH projekt\u016f OP\u017dP s po\u017eadavky n\u00e1rodn\u00ed legislativy v oblasti tvorby a n\u00e1sledn\u00e9ho vyu\u017e\u00edv\u00e1n\u00ed finan\u010dn\u00edch prost\u0159edk\u016f na obnovu VHI, zejm\u00e9na tvorba a pln\u011bn\u00ed Pl\u00e1nu financov\u00e1n\u00ed obnovy vodovod\u016f a kanalizac\u00ed dle P\u0159. 18 vyhl. MZe \u010d. 428\/2001 Sb. v platn\u00e9m zn\u011bn\u00ed.<br>V t\u00e9to souvislosti jsou k dispozici zpracovan\u00e9 n\u00e1stroje, pou\u017e\u00edvan\u00e9 u VH projekt\u016f v OP\u017dP, tj. Zjednodu\u0161en\u00fd finan\u010dn\u00ed model, respektuj\u00edc\u00ed po\u017eadavky n\u00e1rodn\u00ed regulace, N\u00e1stroje udr\u017eitelnosti pro v\u00fdpo\u010det po\u017eadovan\u00fdch zdroj\u016f na obnovu VHI a z\u00e1rove\u0148 Monitorovac\u00ed n\u00e1stroje, kter\u00e9 vyhodnocuj\u00ed ka\u017edoro\u010dn\u011b soulad mezi p\u0159edpokl\u00e1dan\u00fdmi zdroji na obnovu VHI a skute\u010dnost\u00ed v dan\u00e9m roce.<\/p>\n\n\n\n<h4 class=\"wp-block-heading\"><strong>Zabezpe\u010den\u00ed zdroj\u016f financov\u00e1n\u00ed obnovy vodohospod\u00e1\u0159sk\u00e9 infrastruktury v regulovan\u00fdch cen\u00e1ch oboru vodovod\u016f a kanalizac\u00ed<\/strong><\/h4>\n\n\n\n<p><strong>Ing. Alb\u00edn Dobe\u0161, Ph.D.<\/strong><br>Business Law Management Czech Republic s.r.o.<br><em>Jednatel spole\u010dnosti Business Law Management s.r.o. kter\u00e1 se mj. zab\u00fdv\u00e1 poradenskou \u010dinnost\u00ed pro obor vodovod\u016f a kanalizac\u00ed. 43 let pracoval v oboru vodovod\u016f a kanalizac\u00ed, z toho 31 let na post\u011b ekonomick\u00e9ho \u0159editele.<\/em><\/p>\n\n\n\n<p>Finan\u010dn\u00ed prost\u0159edky na obnovu infrastrukturn\u00edho vodohospod\u00e1\u0159sk\u00e9ho majetku jsou jednou z nejv\u00fdznamn\u011bj\u0161\u00edch hodnot, pot\u0159ebn\u00fdch pro zaji\u0161t\u011bn\u00ed funk\u010dnosti a provozuschopnosti vodohospod\u00e1\u0159sk\u00e9ho majetku. St\u00e1vaj\u00edc\u00ed syst\u00e9m regulace umo\u017e\u0148uje kumulaci zdroj\u016f pro financov\u00e1n\u00ed obnovy. V konkr\u00e9tn\u00edch podm\u00ednk\u00e1ch existuj\u00ed podm\u00ednky, kter\u00e9 majitel\u00e9 t\u011bchto aktiv mus\u00ed respektovat a napl\u0148ovat.<\/p>\n\n\n\n<h4 class=\"wp-block-heading\"><strong>Soci\u00e1ln\u011b \u00fanosn\u00e1 cena vody a sanitace venkova<\/strong><\/h4>\n\n\n\n<p><strong>Ing. Karel Plot\u011bn\u00fd<\/strong><br>ASIO NEW, spol. s r.o.<br><em>Absolvent VUT FAST, postgradu\u00e1ln\u00ed studium na V\u0160CHT, jednatel firem ASIO, dlouhodob\u011b p\u016fsob\u00edc\u00ed v CzWA (i jako m\u00edstop\u0159edseda) v r\u016fzn\u00fdch odborn\u00fdch skupin\u00e1ch. Publika\u010dn\u011b \u010dinn\u00fd.<\/em><\/p>\n\n\n\n<p>\u010cesk\u00e1 republika si dala z\u00e1vazek zajistit i na venkov\u011b odpov\u00eddaj\u00edc\u00ed \u0159e\u0161en\u00ed odpadn\u00edch vod, p\u0159i tom by logicky m\u011bl b\u00fdt zohledn\u011bn i po\u017eadavek na soci\u00e1ln\u00ed \u00fanosnost ceny vody \u2013 i odkanalizov\u00e1n\u00ed by m\u011blo b\u00fdt ESG. Z n\u00e1klad\u016f v sou\u010dasnosti \u0159e\u0161en\u00fdch obc\u00ed ale vypl\u00fdv\u00e1, \u017ee to nep\u016fjde \u0161ablonovit\u011b, a \u017ee centr\u00e1ln\u00ed \u0159e\u0161en\u00ed budou \u010dasto m\u00edt za n\u00e1sledek p\u0159ekro\u010den\u00ed soci\u00e1ln\u011b \u00fanosn\u00e9 ceny vody. Dtto i v p\u0159\u00edpad\u011b \u0159e\u0161en\u00ed odpadn\u00edch vod j\u00edmkami na vyv\u00e1\u017een\u00ed. U decentr\u00e1ln\u00edch \u0159e\u0161en\u00ed pak cenu likvidace odpadn\u00edch vod podstatn\u011b ovliv\u0148uj\u00ed legislativn\u00ed po\u017eadavky \u2013 ot\u00e1zkou je nakolik jsou efektivn\u00ed a nakolik zbyte\u010dn\u011b ob\u010dany zat\u011b\u017euj\u00ed. V n\u011bkter\u00fdch p\u0159\u00edpadech je to a\u017e 50 K\u010d\/m3. P\u0159itom efektivn\u00ed modely zohled\u0148uj\u00edc\u00ed soci\u00e1ln\u00ed str\u00e1nku jsou ji\u017e v zahrani\u010d\u00ed po \u0159adu let aplikovan\u00e9.<\/p>\n\n\n\n<h4 class=\"wp-block-heading\"><strong>Zav\u00e1d\u011bn\u00ed BIM v&nbsp;kontextu obnovy vodohospod\u00e1\u0159sk\u00e9 infrastruktury<\/strong><\/h4>\n\n\n\n<p><strong>Ing. Petr S\u00fdkora, Ph. D.<\/strong><br>Pra\u017esk\u00e9 vodovody a kanalizace, a.s.<br><em>Vystudoval Fakultu stavebn\u00ed \u010cVUT v&nbsp;Praze, obor vodn\u00ed hospod\u00e1\u0159stv\u00ed a&nbsp;vodn\u00ed stavby. V&nbsp;r\u00e1mci a.s. Pra\u017esk\u00e9 vodovody a&nbsp;kanalizace byl mana\u017eerem \u00fatvaru technick\u00e9 podpory a&nbsp;metrologie, pozd\u011bji vedouc\u00edm odd\u011blen\u00ed m\u011b\u0159en\u00ed na stokov\u00e9 s\u00edti, technikem m\u011b\u0159en\u00ed na stokov\u00e9 s\u00edti a&nbsp;od roku 2018 je technick\u00fdm \u0159editelem PVK.<\/em><\/p>\n\n\n\n<p>Na z\u00e1klad\u011b rozhodnut\u00ed vl\u00e1dy \u010cR se po\u010d\u00edt\u00e1 s povinn\u00fdm vyu\u017eit\u00edm BIM pro ve\u0159ejn\u00e9 nadlimitn\u00ed zak\u00e1zky postupn\u011b od roku 2023. BIM v kontextu vodohospod\u00e1\u0159sk\u00e9 infrastruktury bude m\u00edt svoji specifickou pozici, kter\u00e1 se bude li\u0161it od pojet\u00ed BIM ve stavebnictv\u00ed (pozemn\u00ed \u010di dopravn\u00ed stavby). Vypov\u00edd\u00e1 o tom i pot\u0159eba vlastn\u00ed katalogizace technologick\u00fdch prvk\u016f, roz\u0161\u00ed\u0159en\u00ed katalogu stavebn\u00edch prvk\u016f SNIM nebo zcela jin\u00e9 po\u017eadavky na detail stavebn\u00ed konstrukce objektu. Potvrdily to pilotn\u00ed projekty i aktu\u00e1ln\u00ed zku\u0161enosti se zav\u00e1d\u011bn\u00edm BIM v kontextu vodohospod\u00e1\u0159sk\u00e9 infrastruktury.<\/p>\n\n\n\n<h4 class=\"wp-block-heading\"><strong>\u00daprava kalov\u00e9ho bioplynu na bioCNG na \u00da\u010cOV Praha<\/strong><\/h4>\n\n\n\n<p><strong>Ing. Ji\u0159\u00ed Rosick\u00fd<\/strong><br>Pra\u017esk\u00e1 vodohospod\u00e1\u0159sk\u00e1 spole\u010dnost, a.s.<br><em>Absolvoval Fakultu stavebn\u00ed \u010cVUT v&nbsp;Praze, obor vodn\u00ed hospod\u00e1\u0159stv\u00ed a&nbsp;vodn\u00ed stavby. Pracoval v&nbsp;\u0159ad\u011b pozic&nbsp;ve firm\u011b Hydroprojekt (dnes SWECO Hydroprojekt a.s.). D\u00e1le p\u016fsobil v&nbsp;Pra\u017esk\u00fdch vodovodech a&nbsp;kanalizac\u00edch, in\u017een\u00fdrsk\u00e9 spole\u010dnosti IKP Consulting Engineers, \u010cKD Praha DIZ a&nbsp;KK Technology. V&nbsp;sou\u010dasn\u00e9 dob\u011b je \u0159editelem divize strategick\u00fdch investic v&nbsp;Pra\u017esk\u00e9 vodohospod\u00e1\u0159sk\u00e9 spole\u010dnosti a.s. Je autorizovan\u00fdm in\u017een\u00fdrem pro vodn\u00ed stavby a&nbsp;krajinn\u00e9 in\u017een\u00fdrstv\u00ed.<\/em><\/p>\n\n\n\n<p>Projekt pro Hlavn\u00ed m\u011bsto Prahu zajistila Pra\u017esk\u00e1 vodohospod\u00e1\u0159sk\u00e1 spole\u010dnost a.s., ve spolupr\u00e1ci s&nbsp;Pra\u017esk\u00fdmi vodovody a kanalizacemi, a.s a Pra\u017eskou plyn\u00e1renskou a.s. Stavba byla realizov\u00e1na za 14 m\u011bs\u00edc\u016f Sdru\u017een\u00edm \u010cesk\u00e1 voda \u2013 Memsep \u2013 \u010cerm\u00e1k a Hrachovec. Vlastn\u00ed investi\u010dn\u00ed n\u00e1klady stavby jsou necel\u00fdch 60 mil. K\u010d bez DPH. Cel\u00fd projekt je unik\u00e1tn\u00ed uk\u00e1zkou spolupr\u00e1ce pra\u017esk\u00fdch m\u011bstsk\u00fdch firem. BioCNG vyroben\u00fd na \u00dast\u0159edn\u00ed \u010dist\u00edrn\u011b odpadn\u00edch vod (\u00da\u010cOV) budou vyu\u017e\u00edvat pro pohon sv\u00fdch vozidel i Pra\u017esk\u00e9 slu\u017eby, Pra\u017esk\u00e1 plyn\u00e1rensk\u00e1 a Technologie HMP.&nbsp;<\/p>\n","protected":false},"excerpt":{"rendered":"<p>Ve dnech 12.-13. z\u00e1\u0159\u00ed 2023 prob\u011bhne v konferen\u010dn\u00edm centru hotelu ALLVET u Vy\u0161kova v po\u0159ad\u00ed ji\u017e VIII. ro\u010dn\u00edk konference Obnova vodohospod\u00e1\u0159sk\u00e9 infrastruktury. Odborn\u00fd program konference se zab\u00fdv\u00e1 problematikou koncep\u010dn\u00edho \u0159e\u0161en\u00ed&#8230;<\/p>\n","protected":false},"author":1,"featured_media":1643,"comment_status":"closed","ping_status":"closed","sticky":false,"template":"","format":"standard","meta":{"_jetpack_memberships_contains_paid_content":false,"footnotes":""},"categories":[11],"tags":[],"class_list":["post-1642","post","type-post","status-publish","format-standard","has-post-thumbnail","hentry","category-vzdelavani"],"jetpack_featured_media_url":"https:\/\/www.apti.cz\/wp-content\/uploads\/2023\/07\/VAKINFO_23_840x480_first.png","jetpack_sharing_enabled":true,"_links":{"self":[{"href":"https:\/\/www.apti.cz\/index.php\/wp-json\/wp\/v2\/posts\/1642","targetHints":{"allow":["GET"]}}],"collection":[{"href":"https:\/\/www.apti.cz\/index.php\/wp-json\/wp\/v2\/posts"}],"about":[{"href":"https:\/\/www.apti.cz\/index.php\/wp-json\/wp\/v2\/types\/post"}],"author":[{"embeddable":true,"href":"https:\/\/www.apti.cz\/index.php\/wp-json\/wp\/v2\/users\/1"}],"replies":[{"embeddable":true,"href":"https:\/\/www.apti.cz\/index.php\/wp-json\/wp\/v2\/comments?post=1642"}],"version-history":[{"count":1,"href":"https:\/\/www.apti.cz\/index.php\/wp-json\/wp\/v2\/posts\/1642\/revisions"}],"predecessor-version":[{"id":1644,"href":"https:\/\/www.apti.cz\/index.php\/wp-json\/wp\/v2\/posts\/1642\/revisions\/1644"}],"wp:featuredmedia":[{"embeddable":true,"href":"https:\/\/www.apti.cz\/index.php\/wp-json\/wp\/v2\/media\/1643"}],"wp:attachment":[{"href":"https:\/\/www.apti.cz\/index.php\/wp-json\/wp\/v2\/media?parent=1642"}],"wp:term":[{"taxonomy":"category","embeddable":true,"href":"https:\/\/www.apti.cz\/index.php\/wp-json\/wp\/v2\/categories?post=1642"},{"taxonomy":"post_tag","embeddable":true,"href":"https:\/\/www.apti.cz\/index.php\/wp-json\/wp\/v2\/tags?post=1642"}],"curies":[{"name":"wp","href":"https:\/\/api.w.org\/{rel}","templated":true}]}}