{"id":1219,"date":"2022-07-12T17:00:52","date_gmt":"2022-07-12T17:00:52","guid":{"rendered":"https:\/\/www.apti.cz\/?p=1219"},"modified":"2022-07-13T19:34:21","modified_gmt":"2022-07-13T19:34:21","slug":"22-odborne-forum-tlak-2022-predstavuje-odborny-program","status":"publish","type":"post","link":"https:\/\/www.apti.cz\/index.php\/2022\/07\/12\/22-odborne-forum-tlak-2022-predstavuje-odborny-program\/","title":{"rendered":"22. odborn\u00e9 f\u00f3rum TLAK 2022 p\u0159edstavuje odborn\u00fd program"},"content":{"rendered":"\n<p><strong>S datem 1. \u010dervence 2022 nabyl \u00fa\u010dinnosti Z\u00e1kon \u010d. 250\/2021 Sb. o o bezpe\u010dnosti pr\u00e1ce v&nbsp;souvislosti s&nbsp;provozem vyhrazen\u00fdch technick\u00fdch za\u0159\u00edzen\u00ed a o zm\u011bn\u011b souvisej\u00edc\u00edch z\u00e1kon\u016f. Ve stejn\u00fd den pak tak\u00e9 vstoupily v platnost jeho prov\u00e1d\u011bc\u00ed p\u0159edpisy v podob\u011b na\u0159\u00edzen\u00ed vl\u00e1dy o vyhrazen\u00fdch technick\u00fdch elektrick\u00fdch, plynov\u00fdch, tlakov\u00fdch a zdvihac\u00edch za\u0159\u00edzen\u00edch a tak\u00e9 na\u0159\u00edzen\u00ed vl\u00e1dy o o po\u017eadavc\u00edch na odbornou zp\u016fsobilost k v\u00fdkonu \u010dinnosti na elektrick\u00fdch za\u0159\u00edzen\u00edch a na odbornou zp\u016fsobilost v elektrotechnice. Souhrou n\u011bkolika negativn\u00edch okolnost\u00ed se definitivn\u00ed zn\u011bn\u00ed poda\u0159ilo vydat ve sb\u00edrce z\u00e1kon\u016f teprve 30. \u010dervna 2022, p\u0159esto\u017ee budou m\u00edt tyto na\u0159\u00edzen\u00ed zna\u010dn\u00fd  dopad v zm\u011bny bezpe\u010dnosti provozu vyhrazen\u00fdch technick\u00fdch tlakov\u00fdch za\u0159\u00edzen\u00ed.<\/strong><\/p>\n\n\n\n<p>Ot\u00e1zkou dopad\u016f nov\u00e9 legislativy se bude zab\u00fdvat 22. ro\u010dn\u00edk nejv\u011bt\u0161\u00ed vzd\u011bl\u00e1vac\u00ed akce v oboru tlakov\u00fdch za\u0159\u00edzen\u00ed TLAK 2022. \u00da\u010dast na odborn\u00e9m f\u00f3ru TLAK 2022 je mo\u017en\u00e9 vyk\u00e1zat jako odborn\u00e9 \u0161kolen\u00ed zam\u011bstnanc\u016f.<\/p>\n\n\n\n<blockquote class=\"wp-block-quote is-layout-flow wp-block-quote-is-layout-flow\"><p>&#8222;<em>Do programu 22. ro\u010dn\u00edku \u0161kol\u00edc\u00ed akce TLAK 2022 byly za\u0159azeny p\u0159edn\u00e1\u0161ky k v\u00fd\u0161e uveden\u00e9mu z\u00e1konu a jeho prov\u00e1d\u011bc\u00edmu p\u0159edpisu, Na\u0159\u00edzen\u00ed vl\u00e1dy \u010d. 192\/2022 Sb. o vyhrazen\u00fdch technick\u00fdch tlakov\u00fdch za\u0159\u00edzen\u00edch. \u00da\u010dast potvrdili nap\u0159\u00edklad z\u00e1stupci organizac\u00ed pov\u011b\u0159en\u00fdch v\u00fdkonem st\u00e1tn\u00edho odborn\u00e9ho dozoru v oblasti bezpe\u010dnosti provozu, tedy S\u00daIP i TI\u010cR. Kte\u0159\u00ed budou p\u0159ipraveni zodpov\u00eddat dotazy odborn\u00e9 ve\u0159ejnosti v r\u00e1mci panelov\u00e9 diskuze, kter\u00e1 je sou\u010d\u00e1st\u00ed programu.<\/em><br><em>Zvolen\u00ed z\u00e1\u0159ijov\u00e9ho term\u00ednu se uk\u00e1zalo jako velmi vhodn\u00e9, proto\u017ee v t\u00e9to dob\u011b ji\u017e bude dostatek \u010dasu na p\u0159\u00edpravu odpov\u011bd\u00ed na ot\u00e1zky, kter\u00e1 nov\u00e1 legislativa p\u0159in\u00e1\u0161\u00ed.&#8220;<\/em><\/p><cite><strong>Jan Lhotsk\u00fd, p\u0159edseda pracovn\u00ed skupiny APTI pro informatiku a odborn\u00e9 vzd\u011bl\u00e1v\u00e1n\u00ed<\/strong><\/cite><\/blockquote>\n\n\n\n<p><strong>Bli\u017e\u0161\u00ed informace o vzd\u011bl\u00e1vac\u00ed akci TLAK 2022, odborn\u00fd program, p\u0159ihl\u00e1\u0161kov\u00e9 formul\u00e1\u0159e, organiza\u010dn\u00ed pokyny jsou k dispozici na n\u00ed\u017ee uveden\u00fdch odkazech:<\/strong><\/p>\n\n\n\n<figure class=\"wp-block-image size-large\"><a href=\"https:\/\/www.technicka-zarizeni.cz\/tlak-2022\/\"><img loading=\"lazy\" decoding=\"async\" width=\"644\" height=\"238\" src=\"https:\/\/www.apti.cz\/wp-content\/uploads\/2022\/07\/FACEBOOK_uvodni_stranaTLK_web-644x238.png\" alt=\"\" class=\"wp-image-1221\" srcset=\"https:\/\/www.apti.cz\/wp-content\/uploads\/2022\/07\/FACEBOOK_uvodni_stranaTLK_web-644x238.png 644w, https:\/\/www.apti.cz\/wp-content\/uploads\/2022\/07\/FACEBOOK_uvodni_stranaTLK_web-200x74.png 200w, https:\/\/www.apti.cz\/wp-content\/uploads\/2022\/07\/FACEBOOK_uvodni_stranaTLK_web-300x111.png 300w, https:\/\/www.apti.cz\/wp-content\/uploads\/2022\/07\/FACEBOOK_uvodni_stranaTLK_web-768x284.png 768w, https:\/\/www.apti.cz\/wp-content\/uploads\/2022\/07\/FACEBOOK_uvodni_stranaTLK_web-1536x569.png 1536w, https:\/\/www.apti.cz\/wp-content\/uploads\/2022\/07\/FACEBOOK_uvodni_stranaTLK_web.png 1702w\" sizes=\"auto, (max-width: 644px) 100vw, 644px\" \/><\/a><\/figure>\n\n\n\n<h5 class=\"wp-block-heading\"><a href=\"https:\/\/www.technicka-zarizeni.cz\/odborny-program-tlak-2022\/\"><strong>Odborn\u00fd program<\/strong><\/a><\/h5>\n\n\n\n<h5 class=\"wp-block-heading\"><a href=\"https:\/\/www.technicka-zarizeni.cz\/organizacni-pokyny-tlak-22\/\"><strong>Organiza\u010dn\u00ed pokyny pro \u00fa\u010dastn\u00edky<\/strong><\/a><\/h5>\n\n\n\n<h5 class=\"wp-block-heading\"><strong><a href=\"https:\/\/www.technicka-zarizeni.cz\/prihlaska-on-line-tlak-22\/\">P\u0159ihl\u00e1\u0161ka on-line<\/a><\/strong><\/h5>\n\n\n\n<h5 class=\"wp-block-heading\"><strong><a href=\"https:\/\/www.technicka-zarizeni.cz\/doprovodna-vystava-tlak-22\/\">Doprovodn\u00e1 v\u00fdstava<\/a><\/strong><\/h5>\n\n\n\n<h5 class=\"wp-block-heading\"><strong><a href=\"https:\/\/www.technicka-zarizeni.cz\/dokumenty-ke-stazeni-tlak-22\/\">Dokumenty ke sta\u017een\u00ed<\/a><\/strong><\/h5>\n\n\n\n<h5 class=\"wp-block-heading\"><strong><a href=\"https:\/\/www.technicka-zarizeni.cz\/osvedceni-o-absolvovani-skoleni-tlak-2022\/\">Osv\u011bd\u010den\u00ed o absolvov\u00e1n\u00ed<\/a><\/strong><\/h5>\n\n\n\n<h3 class=\"wp-block-heading\"><strong>Akce je po\u0159\u00e1d\u00e1na v r\u00e1mci vzd\u011bl\u00e1vac\u00edho programu AKADEMIE APTI a \u010cKAIT<\/strong><\/h3>\n\n\n\n<p>\u00da\u010dast na t\u00e9to akci je hodnocena dv\u011bma body v programech celo\u017eivotn\u00edho vzd\u011bl\u00e1v\u00e1n\u00ed.<br>\u00da\u010dastn\u00edci obdr\u017e\u00ed certifik\u00e1t o absolvov\u00e1n\u00ed \u0161kolen\u00ed bezpe\u010dnosti provozu vyhrazen\u00fdch technick\u00fdch tlakov\u00fdch za\u0159\u00edzen\u00ed v rozsahu 16ti hodin.<\/p>\n\n\n\n<figure class=\"wp-block-image size-large\"><img loading=\"lazy\" decoding=\"async\" width=\"184\" height=\"250\" src=\"https:\/\/www.apti.cz\/wp-content\/uploads\/2022\/07\/OSV_TLAK_22_new_ico.png\" alt=\"\" class=\"wp-image-1220\"\/><\/figure>\n\n\n\n<p>Pro obory vyhrazen\u00fdch plynov\u00fdch a zdvihac\u00edch za\u0159\u00edzen\u00ed p\u0159ipravujeme dal\u0161\u00ed specializovanou konferenci VTZ 2022, kter\u00e1 bude zam\u011b\u0159ena na problematiku bezpe\u010dn\u00e9ho provozu vyhrazen\u00fdch technick\u00fdch za\u0159\u00edzen\u00ed v budov\u00e1ch. <\/p>\n","protected":false},"excerpt":{"rendered":"<p>S datem 1. \u010dervence 2022 nabyl \u00fa\u010dinnosti Z\u00e1kon \u010d. 250\/2021 Sb. o o bezpe\u010dnosti pr\u00e1ce v&nbsp;souvislosti s&nbsp;provozem vyhrazen\u00fdch technick\u00fdch za\u0159\u00edzen\u00ed a o zm\u011bn\u011b souvisej\u00edc\u00edch z\u00e1kon\u016f. Ve stejn\u00fd den pak tak\u00e9&#8230;<\/p>\n","protected":false},"author":1,"featured_media":1175,"comment_status":"closed","ping_status":"closed","sticky":false,"template":"","format":"standard","meta":{"_jetpack_memberships_contains_paid_content":false,"footnotes":""},"categories":[10,18,4,8,1,11],"tags":[],"class_list":["post-1219","post","type-post","status-publish","format-standard","has-post-thumbnail","hentry","category-metrologie","category-nova-legislativa","category-rizeni-rizik","category-tlakova-zarizeni","category-uncategorized","category-vzdelavani"],"jetpack_featured_media_url":"https:\/\/www.apti.cz\/wp-content\/uploads\/2022\/05\/HEADER_TLAK_22_840x480_1-info.png","jetpack_sharing_enabled":true,"_links":{"self":[{"href":"https:\/\/www.apti.cz\/index.php\/wp-json\/wp\/v2\/posts\/1219","targetHints":{"allow":["GET"]}}],"collection":[{"href":"https:\/\/www.apti.cz\/index.php\/wp-json\/wp\/v2\/posts"}],"about":[{"href":"https:\/\/www.apti.cz\/index.php\/wp-json\/wp\/v2\/types\/post"}],"author":[{"embeddable":true,"href":"https:\/\/www.apti.cz\/index.php\/wp-json\/wp\/v2\/users\/1"}],"replies":[{"embeddable":true,"href":"https:\/\/www.apti.cz\/index.php\/wp-json\/wp\/v2\/comments?post=1219"}],"version-history":[{"count":3,"href":"https:\/\/www.apti.cz\/index.php\/wp-json\/wp\/v2\/posts\/1219\/revisions"}],"predecessor-version":[{"id":1226,"href":"https:\/\/www.apti.cz\/index.php\/wp-json\/wp\/v2\/posts\/1219\/revisions\/1226"}],"wp:featuredmedia":[{"embeddable":true,"href":"https:\/\/www.apti.cz\/index.php\/wp-json\/wp\/v2\/media\/1175"}],"wp:attachment":[{"href":"https:\/\/www.apti.cz\/index.php\/wp-json\/wp\/v2\/media?parent=1219"}],"wp:term":[{"taxonomy":"category","embeddable":true,"href":"https:\/\/www.apti.cz\/index.php\/wp-json\/wp\/v2\/categories?post=1219"},{"taxonomy":"post_tag","embeddable":true,"href":"https:\/\/www.apti.cz\/index.php\/wp-json\/wp\/v2\/tags?post=1219"}],"curies":[{"name":"wp","href":"https:\/\/api.w.org\/{rel}","templated":true}]}}