{"id":1119,"date":"2022-02-14T16:45:35","date_gmt":"2022-02-14T16:45:35","guid":{"rendered":"https:\/\/www.apti.cz\/?p=1119"},"modified":"2022-02-14T16:45:37","modified_gmt":"2022-02-14T16:45:37","slug":"netrpelive-ocekavana-narizeni-vlady-pro-vyhrazena-technicka-zarizeni-jsou-zarazena-do-planu-legislativnich-praci-vlady","status":"publish","type":"post","link":"https:\/\/www.apti.cz\/index.php\/2022\/02\/14\/netrpelive-ocekavana-narizeni-vlady-pro-vyhrazena-technicka-zarizeni-jsou-zarazena-do-planu-legislativnich-praci-vlady\/","title":{"rendered":"Netrp\u011bliv\u011b o\u010dek\u00e1van\u00e1 Na\u0159\u00edzen\u00ed vl\u00e1dy pro vyhrazen\u00e1 technick\u00e1 za\u0159\u00edzen\u00ed jsou za\u0159azena do pl\u00e1nu legislativn\u00edch prac\u00ed vl\u00e1dy"},"content":{"rendered":"\n<p>Jak je jist\u011b v\u0161eobecn\u011b dob\u0159e zn\u00e1mou informac\u00ed 1. \u010dervence 2022 nabyde \u00fa\u010dinnost z\u00e1kon \u010d. 250\/2021 Sb. o bezpe\u010dnosti pr\u00e1ce v souvislosti s provozem vyhrazen\u00fdch technick\u00fdch za\u0159\u00edzen\u00ed. Sou\u010dasn\u011b s n\u00edm maj\u00ed vstoupit v platnost tak\u00e9 prov\u00e1d\u011bc\u00ed p\u0159edpisy, kter\u00e9 jsou formulov\u00e1ny do p\u011bti zcela nov\u00fdch na\u0159\u00edzen\u00ed vl\u00e1dy. Samotn\u00e1 na\u0159\u00edzen\u00ed jsou doposud k dispozici pouze v n\u00e1vrhov\u00e9m zn\u011bn\u00ed a jejich fin\u00e1ln\u00ed podoba je pro odbornou ve\u0159ejnost zahalena. Posledn\u00ed ofici\u00e1ln\u00ed informac\u00ed z 9. \u00fanora 2022 je jejich za\u0159azen\u00ed do Pl\u00e1nu legislativn\u00edch prac\u00ed Vl\u00e1dy. Term\u00edn pro p\u0159edlo\u017een\u00ed Ministerstvem pr\u00e1ce a soci\u00e1ln\u00edch v\u011bc\u00ed Vl\u00e1d\u011b ke schv\u00e1len\u00ed je stanoven na kv\u011bten 2022. Tato informace tak z\u0159ejm\u011b definitivn\u011b vyvrac\u00ed n\u011bkter\u00e9 &#8222;zaru\u010den\u00e9 zpr\u00e1vy&#8220;, \u017ee se bude muset \u00fa\u010dinnost z\u00e1kona \u010d. 250\/2021 s.b odlo\u017eit.<\/p>\n","protected":false},"excerpt":{"rendered":"<p>Jak je jist\u011b v\u0161eobecn\u011b dob\u0159e zn\u00e1mou informac\u00ed 1. \u010dervence 2022 nabyde \u00fa\u010dinnost z\u00e1kon \u010d. 250\/2021 Sb. o bezpe\u010dnosti pr\u00e1ce v souvislosti s provozem vyhrazen\u00fdch technick\u00fdch za\u0159\u00edzen\u00ed. Sou\u010dasn\u011b s n\u00edm maj\u00ed&#8230;<\/p>\n","protected":false},"author":1,"featured_media":1120,"comment_status":"closed","ping_status":"closed","sticky":false,"template":"","format":"standard","meta":{"_jetpack_memberships_contains_paid_content":false,"footnotes":""},"categories":[18],"tags":[],"class_list":["post-1119","post","type-post","status-publish","format-standard","has-post-thumbnail","hentry","category-nova-legislativa"],"jetpack_featured_media_url":"https:\/\/www.apti.cz\/wp-content\/uploads\/2022\/02\/Header_IND_21.png","jetpack_sharing_enabled":true,"_links":{"self":[{"href":"https:\/\/www.apti.cz\/index.php\/wp-json\/wp\/v2\/posts\/1119","targetHints":{"allow":["GET"]}}],"collection":[{"href":"https:\/\/www.apti.cz\/index.php\/wp-json\/wp\/v2\/posts"}],"about":[{"href":"https:\/\/www.apti.cz\/index.php\/wp-json\/wp\/v2\/types\/post"}],"author":[{"embeddable":true,"href":"https:\/\/www.apti.cz\/index.php\/wp-json\/wp\/v2\/users\/1"}],"replies":[{"embeddable":true,"href":"https:\/\/www.apti.cz\/index.php\/wp-json\/wp\/v2\/comments?post=1119"}],"version-history":[{"count":1,"href":"https:\/\/www.apti.cz\/index.php\/wp-json\/wp\/v2\/posts\/1119\/revisions"}],"predecessor-version":[{"id":1121,"href":"https:\/\/www.apti.cz\/index.php\/wp-json\/wp\/v2\/posts\/1119\/revisions\/1121"}],"wp:featuredmedia":[{"embeddable":true,"href":"https:\/\/www.apti.cz\/index.php\/wp-json\/wp\/v2\/media\/1120"}],"wp:attachment":[{"href":"https:\/\/www.apti.cz\/index.php\/wp-json\/wp\/v2\/media?parent=1119"}],"wp:term":[{"taxonomy":"category","embeddable":true,"href":"https:\/\/www.apti.cz\/index.php\/wp-json\/wp\/v2\/categories?post=1119"},{"taxonomy":"post_tag","embeddable":true,"href":"https:\/\/www.apti.cz\/index.php\/wp-json\/wp\/v2\/tags?post=1119"}],"curies":[{"name":"wp","href":"https:\/\/api.w.org\/{rel}","templated":true}]}}